{"id":2243,"date":"2024-02-20T19:04:37","date_gmt":"2024-02-21T00:04:37","guid":{"rendered":"https:\/\/fnii.ca\/?p=2243"},"modified":"2024-02-20T19:08:50","modified_gmt":"2024-02-21T00:08:50","slug":"liipn-aide-a-ouvrir-la-voie-vers-une-plus-grande-autonomie-des-premieres-nations","status":"publish","type":"post","link":"https:\/\/fnii.ca\/fr\/2024\/02\/20\/liipn-aide-a-ouvrir-la-voie-vers-une-plus-grande-autonomie-des-premieres-nations\/","title":{"rendered":"L\u2019IIPN aide \u00e0 Ouvrir la voie vers une plus grande autonomie des Premi\u00e8res Nations"},"content":{"rendered":"\t\t<div data-elementor-type=\"wp-post\" data-elementor-id=\"2243\" class=\"elementor elementor-2243\" data-elementor-post-type=\"post\">\n\t\t\t\t\t\t<section class=\"elementor-section elementor-top-section elementor-element elementor-element-4b779ee elementor-section-boxed elementor-section-height-default elementor-section-height-default\" data-id=\"4b779ee\" data-element_type=\"section\" data-e-type=\"section\" data-settings=\"{&quot;jet_parallax_layout_list&quot;:[]}\">\n\t\t\t\t\t\t<div class=\"elementor-container elementor-column-gap-default\">\n\t\t\t\t\t<div class=\"elementor-column elementor-col-100 elementor-top-column elementor-element elementor-element-94178c6\" data-id=\"94178c6\" data-element_type=\"column\" data-e-type=\"column\">\n\t\t\t<div class=\"elementor-widget-wrap elementor-element-populated\">\n\t\t\t\t\t\t<div class=\"elementor-element elementor-element-d58f40f elementor-widget elementor-widget-text-editor\" data-id=\"d58f40f\" data-element_type=\"widget\" data-e-type=\"widget\" data-widget_type=\"text-editor.default\">\n\t\t\t\t<div class=\"elementor-widget-container\">\n\t\t\t\t\t\t\t\t\t<p>Plus de 350 personnes des Premi\u00e8res Nations \u00e0 l\u2019\u00e9chelle du pays se sont r\u00e9unies \u00e0 Gatineau, Qu\u00e9bec en novembre dernier pour assister \u00e0 la sixi\u00e8me Conf\u00e9rence Les Premi\u00e8res Nations montrent la voie \u00e0 suivre annuelle. L\u2019Institut des infrastructures des Premi\u00e8res Nations (IIPN) s\u2019est joint \u00e0 ses coll\u00e8gues institutionnels pour souligner les r\u00e9alisations des Nations qui recourent aux accords et aux textes l\u00e9gislatifs dirig\u00e9s par les Premi\u00e8res Nations. Les articles que l\u2019on retrouve dans la pr\u00e9sente \u00e9dition du bulletin Sur nos terres proviennent des pr\u00e9sentations et des conversations qui ont eu lieu lors de la conf\u00e9rence.<\/p><p>Les personnes inscrites \u00e0 la conf\u00e9rence provenaient des Premi\u00e8res Nations qui utilisent les outils issus de la Loi sur la gestion financi\u00e8re des premi\u00e8res nations (LGF), qui ont \u00e9labor\u00e9 un code foncier en utilisant l\u2019Accord-cadre relatif \u00e0 la gestion des terres de premi\u00e8res nations et\/ou qui ont pr\u00e9sent\u00e9 une d\u00e9claration d\u2019int\u00e9r\u00eat dans le programme de subventions de 10 ans.<\/p><p>La r\u00e9union annuelle a pour but de mettre en valeur les Premi\u00e8res Nations \u00e0 l\u2019avant-garde de l\u2019expansion de leur comp\u00e9tence. Les d\u00e9l\u00e9gu\u00e9s ont entendu des t\u00e9moignages \u00e0 propos d\u2019une plus grande ind\u00e9pendance financi\u00e8re, d\u2019une meilleure gestion financi\u00e8re, du financement par d\u00e9benture, d\u2019une saine gouvernance fonci\u00e8re et de la planification de l\u2019infrastructure en utilisant une approche des Premi\u00e8res nations.<\/p><p>La conf\u00e9rence \u00e9tait la premi\u00e8re \u00e0 laquelle participait l\u2019IIPN depuis son \u00e9tablissement officiel en vertu de la LGF. Cette \u00e9tape importante a eu lieu le 20 juin 2023 suite \u00e0 la sanction royale des modifications apport\u00e9es \u00e0 la Loi.<\/p><p>Les organismes qui veulent explorer la fa\u00e7on dont l\u2019IIPN peut travailler avec eux sont invit\u00e9s \u00e0 s\u2019inscrire \u00e0 un atelier d\u2019introduction \u2013 en personne ou en ligne \u2013 en envoyant un courriel \u00e0 l\u2019adresse <a href=\"mailto:info@fnii.ca\">info@fnii.ca<\/a>.<\/p><p>Les services de l\u2019IIPN sont gratuits et les Premi\u00e8res Nations n\u2019ont pas besoin d\u2019\u00eatre \u00ab annex\u00e9es \u00e0 la LGF \u00bb \u2013 c.-\u00e0-d. de participer officiellement \u00e0 la Loi sur la gestion financi\u00e8re des premi\u00e8res nations. Les services de l\u2019IIPN sont offerts \u00e0 tous les organismes autochtones au Canada.<\/p>\t\t\t\t\t\t\t\t<\/div>\n\t\t\t\t<\/div>\n\t\t\t\t\t<\/div>\n\t\t<\/div>\n\t\t\t\t\t<\/div>\n\t\t<\/section>\n\t\t\t\t<\/div>\n\t\t","protected":false},"excerpt":{"rendered":"<p>Plus de 350 personnes des Premi\u00e8res Nations \u00e0 l\u2019\u00e9chelle du pays se sont r\u00e9unies \u00e0 Gatineau, Qu\u00e9bec en novembre dernier pour assister \u00e0 la sixi\u00e8me Conf\u00e9rence Les Premi\u00e8res Nations montrent la voie \u00e0 suivre annuelle. L\u2019Institut des infrastructures des Premi\u00e8res Nations (IIPN) s\u2019est joint \u00e0 ses coll\u00e8gues institutionnels pour souligner les r\u00e9alisations des Nations qui [&hellip;]<\/p>\n","protected":false},"author":8,"featured_media":2230,"comment_status":"open","ping_status":"open","sticky":false,"template":"","format":"standard","meta":{"_acf_changed":false,"footnotes":""},"categories":[2],"tags":[],"class_list":["post-2243","post","type-post","status-publish","format-standard","has-post-thumbnail","hentry","category-non-classifiee"],"acf":[],"_links":{"self":[{"href":"https:\/\/fnii.ca\/fr\/wp-json\/wp\/v2\/posts\/2243","targetHints":{"allow":["GET"]}}],"collection":[{"href":"https:\/\/fnii.ca\/fr\/wp-json\/wp\/v2\/posts"}],"about":[{"href":"https:\/\/fnii.ca\/fr\/wp-json\/wp\/v2\/types\/post"}],"author":[{"embeddable":true,"href":"https:\/\/fnii.ca\/fr\/wp-json\/wp\/v2\/users\/8"}],"replies":[{"embeddable":true,"href":"https:\/\/fnii.ca\/fr\/wp-json\/wp\/v2\/comments?post=2243"}],"version-history":[{"count":4,"href":"https:\/\/fnii.ca\/fr\/wp-json\/wp\/v2\/posts\/2243\/revisions"}],"predecessor-version":[{"id":2247,"href":"https:\/\/fnii.ca\/fr\/wp-json\/wp\/v2\/posts\/2243\/revisions\/2247"}],"wp:featuredmedia":[{"embeddable":true,"href":"https:\/\/fnii.ca\/fr\/wp-json\/wp\/v2\/media\/2230"}],"wp:attachment":[{"href":"https:\/\/fnii.ca\/fr\/wp-json\/wp\/v2\/media?parent=2243"}],"wp:term":[{"taxonomy":"category","embeddable":true,"href":"https:\/\/fnii.ca\/fr\/wp-json\/wp\/v2\/categories?post=2243"},{"taxonomy":"post_tag","embeddable":true,"href":"https:\/\/fnii.ca\/fr\/wp-json\/wp\/v2\/tags?post=2243"}],"curies":[{"name":"wp","href":"https:\/\/api.w.org\/{rel}","templated":true}]}}