{"id":2157,"date":"2023-09-18T15:32:29","date_gmt":"2023-09-18T19:32:29","guid":{"rendered":"https:\/\/fnii.ca\/?p=2157"},"modified":"2023-09-18T15:45:59","modified_gmt":"2023-09-18T19:45:59","slug":"les-membres-du-conseil-de-developpement-de-liipn-jettent-un-regard-sur-le-passe-et-sur-lavenir-suite-a-la-creation-de-linstitut","status":"publish","type":"post","link":"https:\/\/fnii.ca\/fr\/2023\/09\/18\/les-membres-du-conseil-de-developpement-de-liipn-jettent-un-regard-sur-le-passe-et-sur-lavenir-suite-a-la-creation-de-linstitut\/","title":{"rendered":"Les membres du Conseil de d\u00e9veloppement de l\u2019IIPN jettent un regard sur le pass\u00e9 et sur l\u2019avenir suite \u00e0 la cr\u00e9ation de l\u2019Institut"},"content":{"rendered":"\t\t<div data-elementor-type=\"wp-post\" data-elementor-id=\"2157\" class=\"elementor elementor-2157\" data-elementor-post-type=\"post\">\n\t\t\t\t\t\t<section class=\"elementor-section elementor-top-section elementor-element elementor-element-7fb1a89 elementor-section-boxed elementor-section-height-default elementor-section-height-default\" data-id=\"7fb1a89\" data-element_type=\"section\" data-e-type=\"section\" data-settings=\"{&quot;jet_parallax_layout_list&quot;:[]}\">\n\t\t\t\t\t\t<div class=\"elementor-container elementor-column-gap-default\">\n\t\t\t\t\t<div class=\"elementor-column elementor-col-100 elementor-top-column elementor-element elementor-element-033a950\" data-id=\"033a950\" data-element_type=\"column\" data-e-type=\"column\">\n\t\t\t<div class=\"elementor-widget-wrap elementor-element-populated\">\n\t\t\t\t\t\t<div class=\"elementor-element elementor-element-7958458 elementor-widget elementor-widget-text-editor\" data-id=\"7958458\" data-element_type=\"widget\" data-e-type=\"widget\" data-widget_type=\"text-editor.default\">\n\t\t\t\t<div class=\"elementor-widget-container\">\n\t\t\t\t\t\t\t\t\t<p>En 2017, les dirigeants des Premi\u00e8res Nations de l\u2019ensemble du pays ont form\u00e9 un Conseil de d\u00e9veloppement. Leur mission? Orienter la cr\u00e9ation d\u2019une organisation appel\u00e9e l\u2019Institut des infrastructures des Premi\u00e8res Nations (IIPN). Pourquoi? Pour aider les Premi\u00e8res Nations et d\u2019autres organismes autochtones \u00e0 d\u00e9velopper leurs projets d\u2019infrastructure plus rapidement et de fa\u00e7on plus rentable et plus durable que le <em>statu quo<\/em>.<\/p><p>Le pr\u00e9sident de la Commission de la fiscalit\u00e9 des premi\u00e8res nations (CFPN), Manny Jules, a propos\u00e9 la cr\u00e9ation de l\u2019IIPN. En 2015, il a d\u00e9crit une vision d\u2019une nouvelle institution consacr\u00e9e \u00e0 offrir des services de soutien con\u00e7us sur mesure pour r\u00e9pondre aux besoins uniques des Premi\u00e8res Nations \u00e0 la recherche d\u2019une meilleure approche pour d\u00e9velopper l\u2019infrastructure.<\/p><p>La CFPN a entrepris les recherches initiales et pr\u00e9par\u00e9 un plan conceptuel provisoire et une analyse de rentabilisation pr\u00e9liminaire en 2016 et 2017. D\u2019autres recherches ont eu lieu pour d\u00e9crire de fa\u00e7on d\u00e9taill\u00e9e les probl\u00e8mes du syst\u00e8me d\u2019infrastructures autochtones actuel. Suite \u00e0 ces recherches et \u00e0 cette analyse, la CFPN a form\u00e9 le Conseil de d\u00e9veloppement de l\u2019IIPN. Le Conseil a travaill\u00e9 avec les Premi\u00e8res Nations int\u00e9ress\u00e9es sur la conception d\u2019une nouvelle institution afin de cr\u00e9er un syst\u00e8me d\u2019infrastructures plus novateur. Ces travaux ont abouti \u00e0 l\u2019adoption du projet de loi C-45 le 20\u00a0juin\u00a02023. Le projet de loi \u00e9tablissait l\u2019IIPN en vertu de la <em>Loi sur la gestion financi\u00e8re des premi\u00e8res nations<\/em> (LGF), parall\u00e8lement \u00e0 ses institutions s\u0153urs, \u00e0 savoir la CFPN, le Conseil de gestion financi\u00e8re des Premi\u00e8res Nations et l\u2019Autorit\u00e9 financi\u00e8re des Premi\u00e8res Nations.<\/p><p>Les membres du Conseil de d\u00e9veloppement de l\u2019IIPN ont travaill\u00e9 avec un sentiment d\u2019urgence fond\u00e9 sur une compr\u00e9hension commune qu\u2019une infrastructure publique de haute qualit\u00e9 est essentielle \u00e0 la sant\u00e9 et \u00e0 la durabilit\u00e9 des communaut\u00e9s, mais que les r\u00e9sultats de l\u2019infrastructure autochtone sont tr\u00e8s mauvais en vertu de l\u2019approche actuelle.<\/p><p>Le 26\u00a0juin, ses membres se sont r\u00e9unis \u00e0 Ottawa pour participer \u00e0 une c\u00e9r\u00e9monie d\u2019inauguration et honorer leur r\u00f4le dans ce travail important. Durant l\u2019\u00e9v\u00e9nement, les membres du Conseil ont exprim\u00e9 leurs r\u00e9flexions sur les travaux accomplis pour lancer l\u2019IIPN et sur ce \u00e0 quoi ils s\u2019attendent en ce qui a trait \u00e0 l\u2019avenir de l\u2019Institut. Voici quelques-uns de leurs commentaires\u00a0:<\/p><p><strong>Allan Claxton, <\/strong>pr\u00e9sident du Conseil de d\u00e9veloppement, repr\u00e9sentant de la C.-B.<\/p><p>\u00ab\u00a0Nous avons accompli le travail pour nous rendre jusqu\u2019\u00e0 la ligne de d\u00e9part. Nous nous attendons \u00e0 ce que l\u2019IIPN favorise l\u2019obtention de meilleurs r\u00e9sultats en ce qui concerne les projets d\u2019infrastructures autochtones, ce qui signifie que les projets peuvent \u00eatre r\u00e9alis\u00e9s plus rapidement, offrir un excellent rapport qualit\u00e9-prix et durer pendant tout leur cycle de vie utile pr\u00e9vu.<\/p><p><strong>C\u00e9line Auclair, <\/strong>repr\u00e9sentante du Qu\u00e9bec<\/p><p>\u00ab\u00a0Dans mes \u00e9tudes, j\u2019ai appris qu\u2019il faut trois choses pour \u00eatre un gouvernement\u00a0: 1) un territoire; 2) des gens; 3) la capacit\u00e9 d\u2019exercer sa comp\u00e9tence. Le troisi\u00e8me \u00e9l\u00e9ment a \u00e9t\u00e9 difficile \u00e0 atteindre. \u00c9tablir l\u2019IIPN par le biais de la LGF permettra aux communaut\u00e9s autochtones qui choisissent d\u2019exercer leur comp\u00e9tence d\u2019obtenir la marge n\u00e9cessaire pour y arriver.\u00a0\u00bb<\/p><p><strong>David Crate, <\/strong>repr\u00e9sentant du Manitoba<\/p><p>\u00ab\u00a0J\u2019ai d\u00e9cid\u00e9 de participer au Conseil de d\u00e9veloppement de l\u2019IIPN en raison des choses que j\u2019ai vues et v\u00e9cues dans ma propre communaut\u00e9. La sensibilisation et la mobilisation formeront un \u00e9l\u00e9ment important du renforcement des capacit\u00e9s et pour assumer un plus grand contr\u00f4le de notre infrastructure.\u00a0\u00bb<\/p><p><strong>Dana Francis, <\/strong>repr\u00e9sentant de l\u2019Atlantique<\/p><p>\u00ab\u00a0Nous savons que nous devons nous assurer que l\u2019IIPN fonctionne bien pour les communaut\u00e9s qui veulent travailler avec elle. Une mar\u00e9e montante doit soulever tous les bateaux&#8230; C\u2019est ce que j\u2019aimerais voir avec toutes les communaut\u00e9s qui d\u00e9cident de travailler avec l\u2019IIPN.\u00a0\u00bb<\/p><p><strong>Geordi Kakepetum<\/strong>*, repr\u00e9sentant du Nord de l\u2019Ontario<\/p><p>\u00ab\u00a0Le travail qui est accompli ici nous aidera \u00e0 nous lib\u00e9rer de la d\u00e9pendance. Nous parlons d\u2019autod\u00e9termination&#8230; Le travail qui est accompli [\u00e0 l\u2019IIPN] aidera les communaut\u00e9s qui veulent assumer le contr\u00f4le de leur infrastructure.\u00a0\u00bb<\/p><p><em>*Malheureusement, Geordi Kakepetum est d\u00e9c\u00e9d\u00e9 le 2\u00a0ao\u00fbt. <a href=\"https:\/\/fnii.ca\/fr\/2023\/09\/18\/liipn-en-deuil-suite-au-deces-dun-membre-du-conseil-de-developpement\/\">Ses coll\u00e8gues \u00e0 l\u2019IIPN sont en deuil suite \u00e0 son d\u00e9c\u00e8s et sont reconnaissants du fait qu\u2019il ait \u00e9t\u00e9 en mesure de contribuer \u00e0 ce travail. <\/a><\/em><\/p><p><strong>Keith Matthew, <\/strong>repr\u00e9sentant de la C.-B.<\/p><p>\u00ab\u00a0Nous parcourons ce chemin depuis un bon moment \u00e0 parler de la n\u00e9cessit\u00e9 d\u2019\u00e9tablir des institutions pour soutenir nos communaut\u00e9s. Nous en avons d\u00e9velopp\u00e9 quelques-unes qui fonctionnent bien, \u00e0 savoir la CFPN [Commission de la fiscalit\u00e9 des premi\u00e8res nations], l\u2019AFPN [Autorit\u00e9 financi\u00e8re des Premi\u00e8res Nations] et le CGF [Conseil de gestion financi\u00e8re des Premi\u00e8res Nations]. Je suis fier d\u2019en \u00e9tablir une autre et d\u2019\u00eatre aux c\u00f4t\u00e9s de tous les membres du Conseil de d\u00e9veloppement pour appuyer l\u2019IIPN.\u00a0\u00bb<\/p><p><strong>Joe Miskokomon, <\/strong>repr\u00e9sentant du Sud de l\u2019Ontario<\/p><p>\u00ab\u00a0Cette r\u00e9alisation est le fruit de la logique \u2013 c\u2019\u00e9tait la chose sens\u00e9e \u00e0 faire. Nous, les membres des communaut\u00e9s, nous sommes battus pour cela. Ce que nous devons faire maintenant, c\u2019est de nous attaquer \u00e0 la question du renforcement des capacit\u00e9s. La mobilisation et la sensibilisation seront essentielles et j\u2019ai h\u00e2te de relever le d\u00e9fi.\u00a0\u00bb<\/p>\t\t\t\t\t\t\t\t<\/div>\n\t\t\t\t<\/div>\n\t\t\t\t\t<\/div>\n\t\t<\/div>\n\t\t\t\t\t<\/div>\n\t\t<\/section>\n\t\t\t\t<\/div>\n\t\t","protected":false},"excerpt":{"rendered":"<p>En 2017, les dirigeants des Premi\u00e8res Nations de l\u2019ensemble du pays ont form\u00e9 un Conseil de d\u00e9veloppement. Leur mission? Orienter la cr\u00e9ation d\u2019une organisation appel\u00e9e l\u2019Institut des infrastructures des Premi\u00e8res Nations (IIPN). Pourquoi? Pour aider les Premi\u00e8res Nations et d\u2019autres organismes autochtones \u00e0 d\u00e9velopper leurs projets d\u2019infrastructure plus rapidement et de fa\u00e7on plus rentable et [&hellip;]<\/p>\n","protected":false},"author":8,"featured_media":2154,"comment_status":"open","ping_status":"open","sticky":false,"template":"","format":"standard","meta":{"_acf_changed":false,"footnotes":""},"categories":[2],"tags":[],"class_list":["post-2157","post","type-post","status-publish","format-standard","has-post-thumbnail","hentry","category-non-classifiee"],"acf":[],"_links":{"self":[{"href":"https:\/\/fnii.ca\/fr\/wp-json\/wp\/v2\/posts\/2157","targetHints":{"allow":["GET"]}}],"collection":[{"href":"https:\/\/fnii.ca\/fr\/wp-json\/wp\/v2\/posts"}],"about":[{"href":"https:\/\/fnii.ca\/fr\/wp-json\/wp\/v2\/types\/post"}],"author":[{"embeddable":true,"href":"https:\/\/fnii.ca\/fr\/wp-json\/wp\/v2\/users\/8"}],"replies":[{"embeddable":true,"href":"https:\/\/fnii.ca\/fr\/wp-json\/wp\/v2\/comments?post=2157"}],"version-history":[{"count":8,"href":"https:\/\/fnii.ca\/fr\/wp-json\/wp\/v2\/posts\/2157\/revisions"}],"predecessor-version":[{"id":2172,"href":"https:\/\/fnii.ca\/fr\/wp-json\/wp\/v2\/posts\/2157\/revisions\/2172"}],"wp:featuredmedia":[{"embeddable":true,"href":"https:\/\/fnii.ca\/fr\/wp-json\/wp\/v2\/media\/2154"}],"wp:attachment":[{"href":"https:\/\/fnii.ca\/fr\/wp-json\/wp\/v2\/media?parent=2157"}],"wp:term":[{"taxonomy":"category","embeddable":true,"href":"https:\/\/fnii.ca\/fr\/wp-json\/wp\/v2\/categories?post=2157"},{"taxonomy":"post_tag","embeddable":true,"href":"https:\/\/fnii.ca\/fr\/wp-json\/wp\/v2\/tags?post=2157"}],"curies":[{"name":"wp","href":"https:\/\/api.w.org\/{rel}","templated":true}]}}