{"id":2108,"date":"2023-07-10T18:49:42","date_gmt":"2023-07-10T22:49:42","guid":{"rendered":"https:\/\/fnii.ca\/?p=2108"},"modified":"2023-07-10T18:51:36","modified_gmt":"2023-07-10T22:51:36","slug":"linstitut-des-infrastructures-des-premieres-nations-maintenant-officiellement-etabli","status":"publish","type":"post","link":"https:\/\/fnii.ca\/fr\/2023\/07\/10\/linstitut-des-infrastructures-des-premieres-nations-maintenant-officiellement-etabli\/","title":{"rendered":"L\u2019Institut des infrastructures des Premi\u00e8res Nations maintenant officiellement \u00e9tabli"},"content":{"rendered":"\t\t<div data-elementor-type=\"wp-post\" data-elementor-id=\"2108\" class=\"elementor elementor-2108\" data-elementor-post-type=\"post\">\n\t\t\t\t\t\t<section class=\"elementor-section elementor-top-section elementor-element elementor-element-018afc3 elementor-section-boxed elementor-section-height-default elementor-section-height-default\" data-id=\"018afc3\" data-element_type=\"section\" data-e-type=\"section\" data-settings=\"{&quot;jet_parallax_layout_list&quot;:[]}\">\n\t\t\t\t\t\t<div class=\"elementor-container elementor-column-gap-default\">\n\t\t\t\t\t<div class=\"elementor-column elementor-col-100 elementor-top-column elementor-element elementor-element-3d55493\" data-id=\"3d55493\" data-element_type=\"column\" data-e-type=\"column\">\n\t\t\t<div class=\"elementor-widget-wrap elementor-element-populated\">\n\t\t\t\t\t\t<div class=\"elementor-element elementor-element-38aa4e0 elementor-widget elementor-widget-text-editor\" data-id=\"38aa4e0\" data-element_type=\"widget\" data-e-type=\"widget\" data-widget_type=\"text-editor.default\">\n\t\t\t\t<div class=\"elementor-widget-container\">\n\t\t\t\t\t\t\t\t\t<p>L\u2019Institut de l\u2019infrastructure des Premi\u00e8res Nations est maintenant officiellement \u00e9tabli en vertu de la <em>Loi sur la gestion financi\u00e8re des premi\u00e8res nations<\/em>. Cette \u00e9tape importante a eu lieu le 20\u00a0juin suite \u00e0 la sanction royale des modifications apport\u00e9es \u00e0 la Loi.<\/p><p>Les modifications portent sur certains des obstacles au d\u00e9veloppement \u00e9conomique des Premi\u00e8res Nations en fournissant aux communaut\u00e9s des Premi\u00e8res Nations et \u00e0 d\u2019autres organismes autochtones un plus grand nombre de mesures de soutien et d\u2019outils pour renforcer leur capacit\u00e9 et leurs syst\u00e8mes de gestion financi\u00e8re, g\u00e9n\u00e9rer des recettes locales \u00e0 partir de l\u2019imp\u00f4t foncier afin d\u2019am\u00e9liorer la prestation de services au sein de leurs communaut\u00e9s et pour acc\u00e9der \u00e0 du financement \u00e0 long terme afin de construire l\u2019infrastructure communautaire et \u00e9conomique.<\/p><p>\u00ab\u00a0Ces modifications aideront les communaut\u00e9s autochtones \u00e0 faire progresser l\u2019autod\u00e9termination et le d\u00e9veloppement socio\u00e9conomique\u00a0\u00bb, d\u00e9clare Allan Claxton, pr\u00e9sident du Conseil de d\u00e9veloppement de l\u2019Institut des infrastructures des Premi\u00e8res Nations (IIPN). \u00ab\u00a0L\u2019IIPN a \u00e9t\u00e9 con\u00e7u pour tirer parti des succ\u00e8s du mod\u00e8le de la LGF. Les organisations autochtones et des Premi\u00e8res Nations qui choisissent de travailler avec l\u2019IIPN seront en mesure d\u2019utiliser les pratiques exemplaires normalis\u00e9es pour planifier, acqu\u00e9rir, poss\u00e9der et g\u00e9rer leurs projets d\u2019infrastructure.\u00a0\u00bb<\/p><p>Le Conseil de d\u00e9veloppement de l\u2019IIPN a tenu des discussions \u00e0 l\u2019\u00e9chelle du pays \u00e0 propos du concept de l\u2019Institut des infrastructures des Premi\u00e8res Nations, des besoins des communaut\u00e9s et de la fa\u00e7on dont une institution dirig\u00e9e par les Premi\u00e8res Nations pourrait aider les organismes r\u00e9gionaux actuels et \u00e9ventuels \u00e0 am\u00e9liorer les r\u00e9sultats en mati\u00e8re d\u2019infrastructures pour les Premi\u00e8res Nations.<\/p><p>Avec la contribution \u00e0 ces discussions, le Conseil de d\u00e9veloppement a aid\u00e9 \u00e0 \u00e9laborer les modifications propos\u00e9es \u00e0 apporter \u00e0 la <em>Loi sur la gestion financi\u00e8re des premi\u00e8res nations<\/em> qui ont \u00e9tabli l\u2019Institut. Les autres modifications ont \u00e9t\u00e9 \u00e9labor\u00e9es conjointement par le gouvernement du Canada et les institutions dirig\u00e9es par les Premi\u00e8res Nations \u00e9tablies en vertu de la<em>\u00a0<\/em>Loi\u00a0: La Commission de la fiscalit\u00e9 des premi\u00e8res nations, le Conseil de gestion financi\u00e8re des Premi\u00e8res Nations et l\u2019Autorit\u00e9 financi\u00e8re des Premi\u00e8res Nations.<\/p><p>Les organismes qui veulent explorer la fa\u00e7on dont l\u2019IIPN peut travailler avec eux sont invit\u00e9s \u00e0 s\u2019inscrire \u00e0 un atelier d\u2019introduction \u2013 en personne ou en ligne \u2013 en envoyant un courriel \u00e0 l\u2019adresse <a href=\"mailto:info@fnii.ca\">info@fnii.ca<\/a> ou en appelant au num\u00e9ro sans frais 1\u2011855\u2011682\u20113682.<\/p><p>Les services de l\u2019IIPN sont gratuits et les Premi\u00e8res Nations n\u2019ont pas besoin d\u2019\u00eatre \u00ab\u00a0annex\u00e9es \u00e0 la LGF\u00a0\u00bb \u2013 c.-\u00e0-d. de participer officiellement \u00e0 la <em>Loi sur la gestion financi\u00e8re des premi\u00e8res nations<\/em>. Les services de l\u2019IIPN sont offerts \u00e0 tous les organismes autochtones au Canada.<\/p><p>Lisez le communiqu\u00e9 de presse\u00a0:<\/p><p>De nouvelles modifications apport\u00e9es \u00e0 la <em>Loi sur la gestion financi\u00e8re des premi\u00e8res nations<\/em> re\u00e7oivent la sanction royale<\/p><p><a href=\"https:\/\/urldefense.proofpoint.com\/v2\/url?u=https-3A__www.canada.ca_fr_relations-2Dcouronne-2Dautochtones-2Daffaires-2Dnord_nouvelles_2023_06_de-2Dnouvelles-2Dmodifications-2Dapportees-2Da-2Dla-2Dloi-2Dsur-2Dla-2Dgestion-2Dfinanciere-2Ddes-2Dpremieres-2Dnations-2Drecoivent-2Dla-2Dsanction-2Droyale.html&amp;d=DwMGaQ&amp;c=euGZstcaTDllvimEN8b7jXrwqOf-v5A_CdpgnVfiiMM&amp;r=XAHPoB4_btisYeOD4GUTgw&amp;m=JCOnyXrJxbpTubxnCI5tkdAQswpDxH7UUzMxKYgY_tg&amp;s=9tYDao47RDMv2UhsUXlOU5nDJR7wFYh_813nSV0RhNs&amp;e=\">https:\/\/www.canada.ca\/fr\/relations-couronne-autochtones-affaires-nord\/nouvelles\/2023\/06\/de-nouvelles-modifications-apportees-a-la-loi-sur-la-gestion-financiere-des-premieres-nations-recoivent-la-sanction-royale.html<\/a><\/p><p>New amendments to the First Nations Fiscal Management Act receive Royal Assent<\/p><p><a href=\"https:\/\/urldefense.proofpoint.com\/v2\/url?u=https-3A__www.canada.ca_en_crown-2Dindigenous-2Drelations-2Dnorthern-2Daffairs_news_2023_06_new-2Damendments-2Dto-2Dthe-2Dfirst-2Dnations-2Dfiscal-2Dmanagement-2Dact-2Dreceive-2Droyal-2Dassent.html&amp;d=DwMGaQ&amp;c=euGZstcaTDllvimEN8b7jXrwqOf-v5A_CdpgnVfiiMM&amp;r=XAHPoB4_btisYeOD4GUTgw&amp;m=JCOnyXrJxbpTubxnCI5tkdAQswpDxH7UUzMxKYgY_tg&amp;s=2EqZZZq2QL0ClkLRcrGMbsBKio6h6ACKWDdkxT6smus&amp;e=\">https:\/\/www.canada.ca\/en\/crown-indigenous-relations-northern-affairs\/news\/2023\/06\/new-amendments-to-the-first-nations-fiscal-management-act-receive-royal-assent.html<\/a><\/p>\t\t\t\t\t\t\t\t<\/div>\n\t\t\t\t<\/div>\n\t\t\t\t\t<\/div>\n\t\t<\/div>\n\t\t\t\t\t<\/div>\n\t\t<\/section>\n\t\t\t\t<\/div>\n\t\t","protected":false},"excerpt":{"rendered":"<p>L\u2019Institut de l\u2019infrastructure des Premi\u00e8res Nations est maintenant officiellement \u00e9tabli en vertu de la Loi sur la gestion financi\u00e8re des premi\u00e8res nations. Cette \u00e9tape importante a eu lieu le 20\u00a0juin suite \u00e0 la sanction royale des modifications apport\u00e9es \u00e0 la Loi. Les modifications portent sur certains des obstacles au d\u00e9veloppement \u00e9conomique des Premi\u00e8res Nations en [&hellip;]<\/p>\n","protected":false},"author":8,"featured_media":2090,"comment_status":"open","ping_status":"open","sticky":false,"template":"","format":"standard","meta":{"_acf_changed":false,"footnotes":""},"categories":[2],"tags":[],"class_list":["post-2108","post","type-post","status-publish","format-standard","has-post-thumbnail","hentry","category-non-classifiee"],"acf":[],"_links":{"self":[{"href":"https:\/\/fnii.ca\/fr\/wp-json\/wp\/v2\/posts\/2108","targetHints":{"allow":["GET"]}}],"collection":[{"href":"https:\/\/fnii.ca\/fr\/wp-json\/wp\/v2\/posts"}],"about":[{"href":"https:\/\/fnii.ca\/fr\/wp-json\/wp\/v2\/types\/post"}],"author":[{"embeddable":true,"href":"https:\/\/fnii.ca\/fr\/wp-json\/wp\/v2\/users\/8"}],"replies":[{"embeddable":true,"href":"https:\/\/fnii.ca\/fr\/wp-json\/wp\/v2\/comments?post=2108"}],"version-history":[{"count":7,"href":"https:\/\/fnii.ca\/fr\/wp-json\/wp\/v2\/posts\/2108\/revisions"}],"predecessor-version":[{"id":2115,"href":"https:\/\/fnii.ca\/fr\/wp-json\/wp\/v2\/posts\/2108\/revisions\/2115"}],"wp:featuredmedia":[{"embeddable":true,"href":"https:\/\/fnii.ca\/fr\/wp-json\/wp\/v2\/media\/2090"}],"wp:attachment":[{"href":"https:\/\/fnii.ca\/fr\/wp-json\/wp\/v2\/media?parent=2108"}],"wp:term":[{"taxonomy":"category","embeddable":true,"href":"https:\/\/fnii.ca\/fr\/wp-json\/wp\/v2\/categories?post=2108"},{"taxonomy":"post_tag","embeddable":true,"href":"https:\/\/fnii.ca\/fr\/wp-json\/wp\/v2\/tags?post=2108"}],"curies":[{"name":"wp","href":"https:\/\/api.w.org\/{rel}","templated":true}]}}