{"id":2103,"date":"2023-07-10T18:43:24","date_gmt":"2023-07-10T22:43:24","guid":{"rendered":"https:\/\/fnii.ca\/?p=2103"},"modified":"2023-07-10T18:44:51","modified_gmt":"2023-07-10T22:44:51","slug":"dans-leurs-mots-linstitut-des-infrastructures-attire-un-large-appui","status":"publish","type":"post","link":"https:\/\/fnii.ca\/fr\/2023\/07\/10\/dans-leurs-mots-linstitut-des-infrastructures-attire-un-large-appui\/","title":{"rendered":"Dans leurs mots : L\u2019Institut des infrastructures attire un large appui"},"content":{"rendered":"\t\t<div data-elementor-type=\"wp-post\" data-elementor-id=\"2103\" class=\"elementor elementor-2103\" data-elementor-post-type=\"post\">\n\t\t\t\t\t\t<section class=\"elementor-section elementor-top-section elementor-element elementor-element-7e379b4 elementor-section-boxed elementor-section-height-default elementor-section-height-default\" data-id=\"7e379b4\" data-element_type=\"section\" data-e-type=\"section\" data-settings=\"{&quot;jet_parallax_layout_list&quot;:[]}\">\n\t\t\t\t\t\t<div class=\"elementor-container elementor-column-gap-default\">\n\t\t\t\t\t<div class=\"elementor-column elementor-col-100 elementor-top-column elementor-element elementor-element-e6ac8cb\" data-id=\"e6ac8cb\" data-element_type=\"column\" data-e-type=\"column\">\n\t\t\t<div class=\"elementor-widget-wrap elementor-element-populated\">\n\t\t\t\t\t\t<div class=\"elementor-element elementor-element-994685f elementor-widget elementor-widget-text-editor\" data-id=\"994685f\" data-element_type=\"widget\" data-e-type=\"widget\" data-widget_type=\"text-editor.default\">\n\t\t\t\t<div class=\"elementor-widget-container\">\n\t\t\t\t\t\t\t\t\t<p>Le projet de loi C-45, qui visait \u00e0 modifier la Loi sur la gestion financi\u00e8re des premi\u00e8res nations, a \u00e9t\u00e9 pr\u00e9sent\u00e9 au Parlement le 23 mars 2023 et a re\u00e7u la sanction royale le 20 juin 2023. Les modifications comprenaient l\u2019Institut des infrastructures des Premi\u00e8res Nations (FNII) officiellement \u00e9tabli \u2013 un d\u00e9veloppement qui a obtenu l\u2019appui de tous les partis.<br \/>Voici quelques-uns des commentaires formul\u00e9s durant la r\u00e9vision technique du projet de loi et ses diverses lectures par la Chambre et le S\u00e9nat :<\/p><p>\u00ab Nous savons que les besoins en infrastructure sont grands \u00e0 l\u2019\u00e9chelle du Canada et nous croyons que travailler avec l\u2019IIPN aidera les Premi\u00e8res Nations et les groupes autochtones \u00e0 faire progresser leurs projets. Nous avons h\u00e2te de travailler avec les Premi\u00e8res Nations et les groupes autochtones qui choisissent d\u2019exercer leur droit \u00e0 l\u2019autod\u00e9termination en revendiquant un plus grand contr\u00f4le de leur infrastructure. \u00bb \u2013 Allan Claxton, pr\u00e9sident du Conseil de d\u00e9veloppement de l\u2019Institut des infrastructures des Premi\u00e8res Nations.<br \/>\u00ab Le projet de loi C-45 refl\u00e8te ce que nous avons entendu des Premi\u00e8res Nations annex\u00e9es \u00e0 la LGF [Loi sur la gestion financi\u00e8re]. Nous avons besoin de notre propre institut des infrastructures. \u00bb \u2013 Manny Jules, pr\u00e9sident de la Commission de la fiscalit\u00e9 des premi\u00e8res nations.<br \/>\u00ab Nous n\u2019allons pas combler le d\u00e9ficit d\u2019infrastructure avec le programme de prestation que nous avons en place. Nous devons le modifier. \u00bb \u2013 Harold Calla, pr\u00e9sident ex\u00e9cutif, Conseil de gestion financi\u00e8re des Premi\u00e8res Nations.<\/p><p>\u00ab Nous osons esp\u00e9rer que l\u2019infrastructure, surtout avec l\u2019arriv\u00e9e de l\u2019Institut de l\u2019infrastructure des Premi\u00e8res Nations, aidera les communaut\u00e9s \u00e0 planifier et \u00e0 construire l\u2019infrastructure ad\u00e9quate dont elles ont besoin et les co\u00fbts qui s\u2019y rattachent. Plus nous pouvons obtenir des infrastructures dans nos communaut\u00e9s \u2013 comme des centres communautaires et de services de sant\u00e9 \u2013 ces choses seront avantageuses pour nos communaut\u00e9s. \u00bb \u2013 Ernie Daniels, pr\u00e9sident et chef de la direction, Autorit\u00e9 financi\u00e8re des Premi\u00e8res Nations.<\/p><p>\u00ab L\u2019aspect le plus important du projet de loi C-45 est le fait qu\u2019il cr\u00e9e une nouvelle entit\u00e9, l\u2019Institut des infrastructures des Premi\u00e8res Nations ou IIPN, qui aidera les Premi\u00e8res Nations et les autres groupes autochtones int\u00e9ress\u00e9s, y compris les partenaires m\u00e9tis et inuits, en leur fournissant les outils, comp\u00e9tences et pratiques exemplaires n\u00e9cessaires pour exercer leur comp\u00e9tence dans le domaine de la gestion de l\u2019infrastructure et des biens. L\u2019Institut des infrastructures aidera les groupes autochtones participants \u00e0 planifier, acqu\u00e9rir, poss\u00e9der et g\u00e9rer l\u2019infrastructure sur leur territoire. \u00bb \u2013 Marc Miller, ministre des Relations Couronne-Autochtones.<\/p><p>\u00ab C\u2019est une proposition sens\u00e9e. Voici comment elle fonctionnerait : Si une Premi\u00e8re Nation veut construire quelque chose, au lieu de simplement demander la permission aux bureaucrates \u00e0 Ottawa, elle peut mon\u00e9tiser ses recettes \u00e9ventuelles pour construire des biens durables\u2026 Toutes sortes de choses que nous prenons pour acquis dans le reste du Canada pourraient \u00eatre construites gr\u00e2ce \u00e0 cela. \u00bb \u2013 Le d\u00e9put\u00e9 Pierre Poilievre, chef de l\u2019opposition officielle.<br \/>\u00ab Les Premi\u00e8res Nations qui optent de travailler avec l\u2019Institut des infrastructures des Premi\u00e8res Nations verraient les portes s\u2019ouvrir pour leur permettre de prendre des d\u00e9cisions \u00e0 propos de poss\u00e9der, de construire et d\u2019entretenir l\u2019infrastructure dans leurs communaut\u00e9s\u2026 Quand je rencontre les Premi\u00e8res Nations, les M\u00e9tis et les Inuits\u2026 j\u2019entends souvent quels sont les besoins en mati\u00e8re d\u2019infrastructure. J\u2019esp\u00e8re que l\u2019adoption du projet de loi C-45 pourra concr\u00e9tiser ces am\u00e9liorations [et que] les Premi\u00e8res Nations pourront voir des gains importants se r\u00e9aliser. \u00bb \u2013 La d\u00e9put\u00e9e Lori Idlout, porte-parole des Relations Couronne-Autochtones, Services aux Autochtones et Affaires du Nord pour le compte du NPD.<\/p><p>\u00ab Le projet de loi C-45 s\u2019attaque directement \u00e0 l\u2019\u00e9norme d\u00e9ficit d\u2019infrastructure honteux d\u2019au moins 349,2 milliards de dollars qui existe entre les Premi\u00e8res Nations et les communaut\u00e9s non-autochtones. Il est cruellement devenu clair que l\u2019approche descendante selon laquelle \u2018Ottawa a toujours raison\u2019 n\u2019a pas \u00e9t\u00e9 en mesure de r\u00e9soudre ce probl\u00e8me, et maintenant, gr\u00e2ce \u00e0 l\u2019Institut des infrastructures des Premi\u00e8res Nations, les communaut\u00e9s autochtones auront directement acc\u00e8s \u00e0 un organisme dirig\u00e9 par les Autochtones dont l\u2019objectif premier est de combler cet \u00e9cart. \u00bb \u2013 Le s\u00e9nateur Yonah Martin, (chef adjoint de l\u2019opposition).<\/p><p>\u00ab On esp\u00e8re que [les projets pilotes de l\u2019IIPN ne sont que] le d\u00e9but du chemin de cette initiative vers une infrastructure ad\u00e9quate pour les Premi\u00e8res Nations, appuyant la qualit\u00e9 de vie et les possibilit\u00e9s \u00e9conomiques que de nombreux Canadiens et Canadiennes prennent pour acquis. C\u2019est exactement de cela qu\u2019il est question lorsque l\u2019on parle de r\u00e9conciliation \u00e9conomique. \u00bb \u2013 Le s\u00e9nateur Marty Klyne.<\/p><p>\u00a0<\/p>\t\t\t\t\t\t\t\t<\/div>\n\t\t\t\t<\/div>\n\t\t\t\t\t<\/div>\n\t\t<\/div>\n\t\t\t\t\t<\/div>\n\t\t<\/section>\n\t\t\t\t<\/div>\n\t\t","protected":false},"excerpt":{"rendered":"<p>Le projet de loi C-45, qui visait \u00e0 modifier la Loi sur la gestion financi\u00e8re des premi\u00e8res nations, a \u00e9t\u00e9 pr\u00e9sent\u00e9 au Parlement le 23 mars 2023 et a re\u00e7u la sanction royale le 20 juin 2023. Les modifications comprenaient l\u2019Institut des infrastructures des Premi\u00e8res Nations (FNII) officiellement \u00e9tabli \u2013 un d\u00e9veloppement qui a obtenu [&hellip;]<\/p>\n","protected":false},"author":8,"featured_media":2083,"comment_status":"open","ping_status":"open","sticky":false,"template":"","format":"standard","meta":{"_acf_changed":false,"footnotes":""},"categories":[2],"tags":[],"class_list":["post-2103","post","type-post","status-publish","format-standard","has-post-thumbnail","hentry","category-non-classifiee"],"acf":[],"_links":{"self":[{"href":"https:\/\/fnii.ca\/fr\/wp-json\/wp\/v2\/posts\/2103","targetHints":{"allow":["GET"]}}],"collection":[{"href":"https:\/\/fnii.ca\/fr\/wp-json\/wp\/v2\/posts"}],"about":[{"href":"https:\/\/fnii.ca\/fr\/wp-json\/wp\/v2\/types\/post"}],"author":[{"embeddable":true,"href":"https:\/\/fnii.ca\/fr\/wp-json\/wp\/v2\/users\/8"}],"replies":[{"embeddable":true,"href":"https:\/\/fnii.ca\/fr\/wp-json\/wp\/v2\/comments?post=2103"}],"version-history":[{"count":4,"href":"https:\/\/fnii.ca\/fr\/wp-json\/wp\/v2\/posts\/2103\/revisions"}],"predecessor-version":[{"id":2107,"href":"https:\/\/fnii.ca\/fr\/wp-json\/wp\/v2\/posts\/2103\/revisions\/2107"}],"wp:featuredmedia":[{"embeddable":true,"href":"https:\/\/fnii.ca\/fr\/wp-json\/wp\/v2\/media\/2083"}],"wp:attachment":[{"href":"https:\/\/fnii.ca\/fr\/wp-json\/wp\/v2\/media?parent=2103"}],"wp:term":[{"taxonomy":"category","embeddable":true,"href":"https:\/\/fnii.ca\/fr\/wp-json\/wp\/v2\/categories?post=2103"},{"taxonomy":"post_tag","embeddable":true,"href":"https:\/\/fnii.ca\/fr\/wp-json\/wp\/v2\/tags?post=2103"}],"curies":[{"name":"wp","href":"https:\/\/api.w.org\/{rel}","templated":true}]}}