{"id":1127,"date":"2021-05-31T18:39:00","date_gmt":"2021-05-31T22:39:00","guid":{"rendered":"https:\/\/fnii.ca\/2021\/05\/31\/first-nations-infrastructure-institute-fnii-development-board-calls-for-individual-and-collective-action\/"},"modified":"2022-07-18T15:46:14","modified_gmt":"2022-07-18T19:46:14","slug":"first-nations-infrastructure-institute-fnii-development-board-calls-for-individual-and-collective-action","status":"publish","type":"post","link":"https:\/\/fnii.ca\/fr\/2021\/05\/31\/first-nations-infrastructure-institute-fnii-development-board-calls-for-individual-and-collective-action\/","title":{"rendered":"Le conseil de d\u00e9veloppement de l\u2019Institut des infrastructures des premi\u00e8res nations (iipn) lance un appel \u00e0 l\u2019action individuelle et collective"},"content":{"rendered":"\n<p>Tk\u2019emlups te Secwepemc [Kamloops, C.-B.]<\/p>\n\n\n\n<p>Le Conseil de d\u00e9veloppement de l\u2019Institut des infrastructures des Premi\u00e8res Nations (IIPN) se joint au ch\u0153ur grandissant des voix des communaut\u00e9s des Premi\u00e8res Nations et des organisations autochtones, qui lancent un appel \u00e0 l\u2019action individuelle et collective \u00e0 la suite de la d\u00e9couverte des restes de 215 enfants sur le site de l\u2019ancien pensionnat indien de Kamloops.<\/p>\n\n\n\n<p>En tant qu\u2019organisme autochtone dont le si\u00e8ge est situ\u00e9 sur les terres de Tk\u2019emlups te Secwepemc, nous exprimons notre profonde tristesse et notre solidarit\u00e9 envers cette Nation et nous la remercions de sa force et de son courage ind\u00e9fectibles dans sa qu\u00eate de paix et de justice pour ces 215 enfants retrouv\u00e9s, leurs familles et leurs communaut\u00e9s.<\/p>\n\n\n\n<p>Au cours des derniers jours, bon nombre de nos partenaires non autochtones nous ont demand\u00e9&nbsp;: Que peut-on faire?<\/p>\n\n\n\n<p>L\u2019IIPN encourage ses associ\u00e9s, ses partenaires et ses alli\u00e9s \u00e0 lire au complet le Rapport sur la v\u00e9rit\u00e9 et la r\u00e9conciliation et ses 94 recommandations, \u00e0 assister aux \u00e9v\u00e9nements locaux et \u00e0 porter des v\u00eatements de couleur orange en solidarit\u00e9 avec tous les enfants qui ont fr\u00e9quent\u00e9 les pensionnats autochtones, et enfin \u00e0 se montrer un t\u00e9moin actif en discutant de ce sujet avec leurs amis et leur famille.<\/p>\n\n\n\n<p>Pour terminer, cette nouvelle a rouvert d\u2019anciennes blessures chez les peuples autochtones. Soyez bien conscients qu\u2019au cours des prochains jours, semaines et mois, un bon nombre de vos coll\u00e8gues autochtones auront \u00e0 accorder la priorit\u00e9 au travail communautaire et \u00e0 la gu\u00e9rison.<\/p>\n","protected":false},"excerpt":{"rendered":"<p>Tk\u2019emlups te Secwepemc [Kamloops, C.-B.] Le Conseil de d\u00e9veloppement de l\u2019Institut des infrastructures des Premi\u00e8res Nations (IIPN) se joint au ch\u0153ur grandissant des voix des communaut\u00e9s des Premi\u00e8res Nations et des organisations autochtones, qui lancent un appel \u00e0 l\u2019action individuelle et collective \u00e0 la suite de la d\u00e9couverte des restes de 215 enfants sur le [&hellip;]<\/p>\n","protected":false},"author":1,"featured_media":562,"comment_status":"open","ping_status":"open","sticky":false,"template":"","format":"standard","meta":{"_acf_changed":false,"footnotes":""},"categories":[2],"tags":[],"class_list":["post-1127","post","type-post","status-publish","format-standard","has-post-thumbnail","hentry","category-non-classifiee"],"acf":[],"_links":{"self":[{"href":"https:\/\/fnii.ca\/fr\/wp-json\/wp\/v2\/posts\/1127","targetHints":{"allow":["GET"]}}],"collection":[{"href":"https:\/\/fnii.ca\/fr\/wp-json\/wp\/v2\/posts"}],"about":[{"href":"https:\/\/fnii.ca\/fr\/wp-json\/wp\/v2\/types\/post"}],"author":[{"embeddable":true,"href":"https:\/\/fnii.ca\/fr\/wp-json\/wp\/v2\/users\/1"}],"replies":[{"embeddable":true,"href":"https:\/\/fnii.ca\/fr\/wp-json\/wp\/v2\/comments?post=1127"}],"version-history":[{"count":1,"href":"https:\/\/fnii.ca\/fr\/wp-json\/wp\/v2\/posts\/1127\/revisions"}],"predecessor-version":[{"id":1129,"href":"https:\/\/fnii.ca\/fr\/wp-json\/wp\/v2\/posts\/1127\/revisions\/1129"}],"wp:featuredmedia":[{"embeddable":true,"href":"https:\/\/fnii.ca\/fr\/wp-json\/wp\/v2\/media\/562"}],"wp:attachment":[{"href":"https:\/\/fnii.ca\/fr\/wp-json\/wp\/v2\/media?parent=1127"}],"wp:term":[{"taxonomy":"category","embeddable":true,"href":"https:\/\/fnii.ca\/fr\/wp-json\/wp\/v2\/categories?post=1127"},{"taxonomy":"post_tag","embeddable":true,"href":"https:\/\/fnii.ca\/fr\/wp-json\/wp\/v2\/tags?post=1127"}],"curies":[{"name":"wp","href":"https:\/\/api.w.org\/{rel}","templated":true}]}}